{"id":3587,"date":"2021-01-22T15:59:15","date_gmt":"2021-01-22T15:59:15","guid":{"rendered":"https:\/\/www.apampesp.org\/aps\/?p=3587"},"modified":"2021-01-22T16:08:45","modified_gmt":"2021-01-22T16:08:45","slug":"spprev-atualiza-faixas-de-contribuicao-previdenciaria-para-2021-confira-os-detalhes","status":"publish","type":"post","link":"https:\/\/www.apampesp.org\/aps\/2021\/01\/22\/spprev-atualiza-faixas-de-contribuicao-previdenciaria-para-2021-confira-os-detalhes\/","title":{"rendered":"SPPrev atualiza faixas de contribui\u00e7\u00e3o previdenci\u00e1ria para 2021. Confira os detalhes"},"content":{"rendered":"\n<p class=\"has-text-align-justify\">A S\u00e3o Paulo Previd\u00eancia publicou a&nbsp;<a rel=\"noreferrer noopener\" href=\"http:\/\/www.spprev.sp.gov.br\/loadArquivoNoticia.ashx?ArqCod=693\" target=\"_blank\">Portaria n\u00ba 29\/2021<\/a>, em que atualiza as faixas de contribui\u00e7\u00e3o previdenci\u00e1ria dos aposentados e pensionistas civis em raz\u00e3o da eleva\u00e7\u00e3o do sal\u00e1rio m\u00ednimo, que era R$ 1.045 e passou a ser de R$ 1.100,&nbsp;do teto do RGPS, que passou de R$ 6.101,06 para R$ 6.433,57, e da UFESP, que era R$ 27,61 e passou para R$ 29,09.<br><br>Com a edi\u00e7\u00e3o do Decreto n\u00ba 65.021\/2020 e do Comunicado SPPREV, publicado no Di\u00e1rio Oficial de 20 de junho de 2020, em 18 de setembro de 2020, a contribui\u00e7\u00e3o dos aposentados e pensionistas passou a ser calculada a partir do valor do sal\u00e1rio m\u00ednimo nacional (atualmente correspondente a R$ 1.100).<\/p>\n\n\n\n<p>Est\u00e1 sendo aplicada al\u00edquota progressiva incidente de acordo com a faixa de benef\u00edcio, na raz\u00e3o percentual demonstrada pela tabela abaixo:<\/p>\n\n\n\n<div class=\"wp-block-image\"><figure class=\"aligncenter size-large\"><img fetchpriority=\"high\" decoding=\"async\" width=\"466\" height=\"165\" src=\"https:\/\/www.apampesp.org\/aps\/wp-content\/uploads\/2021\/01\/Tabela-01.jpg\" alt=\"\" class=\"wp-image-3588\" srcset=\"https:\/\/www.apampesp.org\/aps\/wp-content\/uploads\/2021\/01\/Tabela-01.jpg 466w, https:\/\/www.apampesp.org\/aps\/wp-content\/uploads\/2021\/01\/Tabela-01-300x106.jpg 300w, https:\/\/www.apampesp.org\/aps\/wp-content\/uploads\/2021\/01\/Tabela-01-360x127.jpg 360w\" sizes=\"(max-width: 466px) 100vw, 466px\" \/><\/figure><\/div>\n\n\n\n<p class=\"has-text-align-justify\"><strong>O Departamento de Tecnologia da Apampesp elaborou uma calculadora para simplificar esta tarefa. Clique <a rel=\"noreferrer noopener\" href=\"https:\/\/www.apampesp.org\/calculadora\" target=\"_blank\">AQUI<\/a> para acessar a ferramenta. Basta digitar o valor bruto do seu benef\u00edcio e clicar em CALCULAR.<\/strong> Confira abaixo exemplos de como est\u00e1 sendo realizado o c\u00e1lculo da contribui\u00e7\u00e3o previdenci\u00e1ria a partir da atualiza\u00e7\u00e3o das faixas de contribui\u00e7\u00e3o.<\/p>\n\n\n\n<div class=\"wp-block-image\"><figure class=\"aligncenter size-large\"><img decoding=\"async\" width=\"466\" height=\"545\" src=\"https:\/\/www.apampesp.org\/aps\/wp-content\/uploads\/2021\/01\/Tabela-02.jpg\" alt=\"\" class=\"wp-image-3589\" srcset=\"https:\/\/www.apampesp.org\/aps\/wp-content\/uploads\/2021\/01\/Tabela-02.jpg 466w, https:\/\/www.apampesp.org\/aps\/wp-content\/uploads\/2021\/01\/Tabela-02-257x300.jpg 257w, https:\/\/www.apampesp.org\/aps\/wp-content\/uploads\/2021\/01\/Tabela-02-231x270.jpg 231w\" sizes=\"(max-width: 466px) 100vw, 466px\" \/><\/figure><\/div>\n\n\n\n<p><em>Fonte: Comunica\u00e7\u00e3o Apampesp com informa\u00e7\u00f5es da SPPrev<\/em><\/p>\n","protected":false},"excerpt":{"rendered":"<p>A S&atilde;o Paulo Previd&ecirc;ncia publicou a&nbsp;Portaria n&ordm; 29\/2021, em que atualiza as faixas de contribui&ccedil;&atilde;o previdenci&aacute;ria dos aposentados e pensionistas civis em raz&atilde;o da eleva&ccedil;&atilde;o do sal&aacute;rio m&iacute;nimo, que era R$ 1.045 e passou a ser de R$ 1.100,&nbsp;do teto do RGPS, que passou de R$ 6.101,06 para R$ 6.433,57, e da UFESP, que era R$ 27,61 e passou para R$ 29,09. Com a edi&ccedil;&atilde;o do Decreto n&ordm; 65.021\/2020 e do Comunicado SPPREV, publicado no Di&aacute;rio Oficial de 20 de junho de 2020, em 18 de setembro de 2020, a [&hellip;]<\/p>\n","protected":false},"author":2,"featured_media":3590,"comment_status":"open","ping_status":"open","sticky":false,"template":"","format":"standard","meta":{"jetpack_post_was_ever_published":false,"_jetpack_newsletter_access":"","_jetpack_dont_email_post_to_subs":false,"_jetpack_newsletter_tier_id":0,"_jetpack_memberships_contains_paywalled_content":false,"_jetpack_memberships_contains_paid_content":false,"footnotes":"","jetpack_publicize_message":"","jetpack_publicize_feature_enabled":true,"jetpack_social_post_already_shared":true,"jetpack_social_options":{"image_generator_settings":{"template":"highway","default_image_id":0,"font":"","enabled":false},"version":2}},"categories":[5],"tags":[],"class_list":["post-3587","post","type-post","status-publish","format-standard","has-post-thumbnail","hentry","category-educacao"],"jetpack_publicize_connections":[],"jetpack_featured_media_url":"https:\/\/www.apampesp.org\/aps\/wp-content\/uploads\/2021\/01\/contribuicao_previdenciaria-1-e1582722480590.jpg","jetpack_sharing_enabled":true,"jetpack_shortlink":"https:\/\/wp.me\/p9WoMM-VR","_links":{"self":[{"href":"https:\/\/www.apampesp.org\/aps\/wp-json\/wp\/v2\/posts\/3587","targetHints":{"allow":["GET"]}}],"collection":[{"href":"https:\/\/www.apampesp.org\/aps\/wp-json\/wp\/v2\/posts"}],"about":[{"href":"https:\/\/www.apampesp.org\/aps\/wp-json\/wp\/v2\/types\/post"}],"author":[{"embeddable":true,"href":"https:\/\/www.apampesp.org\/aps\/wp-json\/wp\/v2\/users\/2"}],"replies":[{"embeddable":true,"href":"https:\/\/www.apampesp.org\/aps\/wp-json\/wp\/v2\/comments?post=3587"}],"version-history":[{"count":2,"href":"https:\/\/www.apampesp.org\/aps\/wp-json\/wp\/v2\/posts\/3587\/revisions"}],"predecessor-version":[{"id":3593,"href":"https:\/\/www.apampesp.org\/aps\/wp-json\/wp\/v2\/posts\/3587\/revisions\/3593"}],"wp:featuredmedia":[{"embeddable":true,"href":"https:\/\/www.apampesp.org\/aps\/wp-json\/wp\/v2\/media\/3590"}],"wp:attachment":[{"href":"https:\/\/www.apampesp.org\/aps\/wp-json\/wp\/v2\/media?parent=3587"}],"wp:term":[{"taxonomy":"category","embeddable":true,"href":"https:\/\/www.apampesp.org\/aps\/wp-json\/wp\/v2\/categories?post=3587"},{"taxonomy":"post_tag","embeddable":true,"href":"https:\/\/www.apampesp.org\/aps\/wp-json\/wp\/v2\/tags?post=3587"}],"curies":[{"name":"wp","href":"https:\/\/api.w.org\/{rel}","templated":true}]}}