{"id":280,"date":"2018-05-09T03:08:00","date_gmt":"2018-05-09T03:08:00","guid":{"rendered":"http:\/\/www.apampesp.org\/aps\/?p=280"},"modified":"2018-05-23T02:18:07","modified_gmt":"2018-05-23T02:18:07","slug":"teste-4","status":"publish","type":"post","link":"https:\/\/www.apampesp.org\/aps\/2018\/05\/09\/teste-4\/","title":{"rendered":"Apampesp se re\u00fane com deputado Ed Thomas. Veja os detalhes do encontro"},"content":{"rendered":"<figure id=\"attachment_339\" aria-describedby=\"caption-attachment-339\" style=\"width: 309px\" class=\"wp-caption alignleft\"><img fetchpriority=\"high\" decoding=\"async\" class=\"wp-image-339 \" src=\"http:\/\/www.apampesp.org\/aps\/wp-content\/uploads\/2018\/05\/WhatsApp-Image-2018-05-11-at-20.57.39-1024x576.jpeg\" alt=\"\" width=\"309\" height=\"174\" srcset=\"https:\/\/www.apampesp.org\/aps\/wp-content\/uploads\/2018\/05\/WhatsApp-Image-2018-05-11-at-20.57.39-1024x576.jpeg 1024w, https:\/\/www.apampesp.org\/aps\/wp-content\/uploads\/2018\/05\/WhatsApp-Image-2018-05-11-at-20.57.39-300x169.jpeg 300w, https:\/\/www.apampesp.org\/aps\/wp-content\/uploads\/2018\/05\/WhatsApp-Image-2018-05-11-at-20.57.39-768x432.jpeg 768w, https:\/\/www.apampesp.org\/aps\/wp-content\/uploads\/2018\/05\/WhatsApp-Image-2018-05-11-at-20.57.39-360x203.jpeg 360w, https:\/\/www.apampesp.org\/aps\/wp-content\/uploads\/2018\/05\/WhatsApp-Image-2018-05-11-at-20.57.39.jpeg 1040w\" sizes=\"(max-width: 309px) 100vw, 309px\" \/><figcaption id=\"caption-attachment-339\" class=\"wp-caption-text\">Deputado Ed Thomas prometeu empenho para que audi\u00eancias com Secret\u00e1rio da Educa\u00e7\u00e3o e com o Governador sejam realizadas<\/figcaption><\/figure>\n<p>A presidente da Apampesp, professora Walneide Oliveira, a diretora regional de Presidente Prudente, Marinez Vian Bisacchi, e as conselheiras C\u00edcera Barbosa e Cilene Castro foram recebidas no \u00faltimo dia 11 de maio pelo Deputado Ed Thomas (PSB-SP), em seu escrit\u00f3rio pol\u00edtico, em Presidente Prudente.<\/p>\n<p>O principal objetivo do encontro foi solicitar ao deputado o agendamento de uma audi\u00eancia da Apampesp com o Governador M\u00e1rcio Fran\u00e7a e com o novo Secret\u00e1rio da Educa\u00e7\u00e3o Jo\u00e3o Cury Neto.<\/p>\n<p>As representantes da Apampesp aproveitaram o espa\u00e7o para dialogar sobre a extens\u00e3o do reajuste de 7% para todos os servidores da Educa\u00e7\u00e3o, incluindo os cargos em extin\u00e7\u00e3o, j\u00e1 que ainda existem, apenas tiveram a nomenclatura alterada.<\/p>\n<p>O deputado demonstrou concordar com a reivindica\u00e7\u00e3o da Apampesp e prometeu empenho para que as audi\u00eancias com o Governador e com o Secret\u00e1rio da Educa\u00e7\u00e3o ocorram o mais breve poss\u00edvel.<\/p>\n","protected":false},"excerpt":{"rendered":"<p>A presidente da Apampesp, professora Walneide Oliveira, a diretora regional de Presidente Prudente, Marinez Vian Bisacchi, e as conselheiras C&iacute;cera Barbosa e Cilene Castro foram recebidas no &uacute;ltimo dia 11 de maio pelo Deputado Ed Thomas (PSB-SP), em seu escrit&oacute;rio pol&iacute;tico, em Presidente Prudente. O principal objetivo do encontro foi solicitar ao deputado o agendamento de uma audi&ecirc;ncia da Apampesp com o Governador M&aacute;rcio Fran&ccedil;a e com o novo Secret&aacute;rio da Educa&ccedil;&atilde;o Jo&atilde;o Cury Neto. As representantes da Apampesp aproveitaram o espa&ccedil;o para dialogar sobre a extens&atilde;o do reajuste de [&hellip;]<\/p>\n","protected":false},"author":1,"featured_media":338,"comment_status":"open","ping_status":"open","sticky":false,"template":"","format":"standard","meta":{"jetpack_post_was_ever_published":false,"_jetpack_newsletter_access":"","_jetpack_dont_email_post_to_subs":false,"_jetpack_newsletter_tier_id":0,"_jetpack_memberships_contains_paywalled_content":false,"_jetpack_memberships_contains_paid_content":false,"footnotes":"","jetpack_publicize_message":"","jetpack_publicize_feature_enabled":true,"jetpack_social_post_already_shared":false,"jetpack_social_options":{"image_generator_settings":{"template":"highway","default_image_id":0,"font":"","enabled":false},"version":2}},"categories":[5],"tags":[9,12,10,11,8],"class_list":["post-280","post","type-post","status-publish","format-standard","has-post-thumbnail","hentry","category-educacao","tag-ed-thomas","tag-governador","tag-marinez-vian-bisacchi","tag-secretario-de-educacao","tag-walneide-oliveira"],"jetpack_publicize_connections":[],"jetpack_featured_media_url":"https:\/\/www.apampesp.org\/aps\/wp-content\/uploads\/2018\/05\/WhatsApp-Image-2018-05-11-at-20.57.41.jpeg","jetpack_sharing_enabled":true,"jetpack_shortlink":"https:\/\/wp.me\/p9WoMM-4w","_links":{"self":[{"href":"https:\/\/www.apampesp.org\/aps\/wp-json\/wp\/v2\/posts\/280","targetHints":{"allow":["GET"]}}],"collection":[{"href":"https:\/\/www.apampesp.org\/aps\/wp-json\/wp\/v2\/posts"}],"about":[{"href":"https:\/\/www.apampesp.org\/aps\/wp-json\/wp\/v2\/types\/post"}],"author":[{"embeddable":true,"href":"https:\/\/www.apampesp.org\/aps\/wp-json\/wp\/v2\/users\/1"}],"replies":[{"embeddable":true,"href":"https:\/\/www.apampesp.org\/aps\/wp-json\/wp\/v2\/comments?post=280"}],"version-history":[{"count":5,"href":"https:\/\/www.apampesp.org\/aps\/wp-json\/wp\/v2\/posts\/280\/revisions"}],"predecessor-version":[{"id":370,"href":"https:\/\/www.apampesp.org\/aps\/wp-json\/wp\/v2\/posts\/280\/revisions\/370"}],"wp:featuredmedia":[{"embeddable":true,"href":"https:\/\/www.apampesp.org\/aps\/wp-json\/wp\/v2\/media\/338"}],"wp:attachment":[{"href":"https:\/\/www.apampesp.org\/aps\/wp-json\/wp\/v2\/media?parent=280"}],"wp:term":[{"taxonomy":"category","embeddable":true,"href":"https:\/\/www.apampesp.org\/aps\/wp-json\/wp\/v2\/categories?post=280"},{"taxonomy":"post_tag","embeddable":true,"href":"https:\/\/www.apampesp.org\/aps\/wp-json\/wp\/v2\/tags?post=280"}],"curies":[{"name":"wp","href":"https:\/\/api.w.org\/{rel}","templated":true}]}}