{"id":11541,"date":"2025-10-28T12:14:05","date_gmt":"2025-10-28T15:14:05","guid":{"rendered":"https:\/\/www.apampesp.org\/aps\/?p=11541"},"modified":"2025-10-28T12:14:26","modified_gmt":"2025-10-28T15:14:26","slug":"entre-o-descaso-e-a-resistencia-o-servidor-publico-como-pilar-da-sociedade","status":"publish","type":"post","link":"https:\/\/www.apampesp.org\/aps\/2025\/10\/28\/entre-o-descaso-e-a-resistencia-o-servidor-publico-como-pilar-da-sociedade\/","title":{"rendered":"Entre o descaso e a resist\u00eancia: o servidor p\u00fablico como pilar da sociedade"},"content":{"rendered":"\n<p>O servidor p\u00fablico \u00e9 a espinha dorsal da sociedade. \u00c9 ele quem, todos os dias, garante que o Estado cumpra seu papel social \u2014 educando, cuidando, protegendo e servindo \u00e0 popula\u00e7\u00e3o. S\u00e3o homens e mulheres que trabalham incansavelmente pela seguran\u00e7a, pela sa\u00fade e pelo bem-estar dos cidad\u00e3os, sem receber o reconhecimento e a valoriza\u00e7\u00e3o que merecem.<\/p>\n\n\n\n<p>Desde os professores, que formam todas as demais profiss\u00f5es, at\u00e9 os policiais, profissionais da sa\u00fade, assistentes sociais e tantos outros servidores, cada um deles cumpre uma miss\u00e3o essencial: sustentar o funcionamento da vida p\u00fablica em todas as suas dimens\u00f5es.<\/p>\n\n\n\n<p>Ainda assim, s\u00e3o frequentemente esquecidos, subvalorizados e desrespeitados por governantes e representantes pol\u00edticos que, uma vez eleitos, passam a legislar em causa pr\u00f3pria ou a favor de pequenos grupos. A injusti\u00e7a se torna ainda mais cruel quando atinge o servidor p\u00fablico aposentado \u2014 aquele que dedicou d\u00e9cadas \u00e0 sociedade e hoje enfrenta perda de poder aquisitivo, problemas de sa\u00fade, isolamento e dificuldades financeiras que comprometem uma vida digna e saud\u00e1vel.<\/p>\n\n\n\n<p>\u00c9 nesse contexto que a Apampesp reafirma, mais uma vez, seu compromisso com a defesa intransigente dos direitos dos professores aposentados. <strong>Aposentado, sim. Inativo, jamais!<\/strong> Seguimos articulando, organizando e mobilizando a\u00e7\u00f5es nas esferas municipal, estadual e federal, porque acreditamos que a for\u00e7a coletiva \u00e9 o que mant\u00e9m viva a chama da resist\u00eancia.<\/p>\n\n\n\n<p>N\u00e3o podemos silenciar diante das amea\u00e7as representadas pela chamada <strong>Reforma Administrativa<\/strong>, que tenta desmontar o servi\u00e7o p\u00fablico, precarizar v\u00ednculos, enfraquecer carreiras e desvalorizar servidores ativos e aposentados. \u00c9 um projeto que afronta o interesse p\u00fablico e atenta contra os direitos de quem sempre sustentou o Estado com trabalho, \u00e9tica e compromisso.<\/p>\n\n\n\n<p>Querem acabar com os servi\u00e7os e com os servidores p\u00fablicos \u2014 mas <strong>isso n\u00f3s n\u00e3o permitiremos<\/strong>. Lutaremos at\u00e9 o fim, at\u00e9 que se esgotem todas as nossas for\u00e7as, porque acreditamos em um pa\u00eds que valorize o trabalho, a dignidade e a justi\u00e7a social.<\/p>\n\n\n\n<p>Hoje, mais do que festejar, <strong>comemoramos com orgulho<\/strong> o Dia do Servidor P\u00fablico \u2014 conscientes de que servir \u00e9 resistir, e resistir \u00e9 reafirmar, todos os dias, a nossa miss\u00e3o de cuidar do povo e do futuro do Brasil.<\/p>\n","protected":false},"excerpt":{"rendered":"<p>O servidor p&uacute;blico &eacute; a espinha dorsal da sociedade. &Eacute; ele quem, todos os dias, garante que o Estado cumpra seu papel social &mdash; educando, cuidando, protegendo e servindo &agrave; popula&ccedil;&atilde;o. S&atilde;o homens e mulheres que trabalham incansavelmente pela seguran&ccedil;a, pela sa&uacute;de e pelo bem-estar dos cidad&atilde;os, sem receber o reconhecimento e a valoriza&ccedil;&atilde;o que merecem. Desde os professores, que formam todas as demais profiss&otilde;es, at&eacute; os policiais, profissionais da sa&uacute;de, assistentes sociais e tantos outros servidores, cada um deles cumpre uma miss&atilde;o essencial: sustentar o funcionamento da vida p&uacute;blica [&hellip;]<\/p>\n","protected":false},"author":2,"featured_media":11542,"comment_status":"open","ping_status":"open","sticky":true,"template":"","format":"standard","meta":{"jetpack_post_was_ever_published":false,"_jetpack_newsletter_access":"","_jetpack_dont_email_post_to_subs":false,"_jetpack_newsletter_tier_id":0,"_jetpack_memberships_contains_paywalled_content":false,"_jetpack_memberships_contains_paid_content":false,"footnotes":"","jetpack_publicize_message":"","jetpack_publicize_feature_enabled":true,"jetpack_social_post_already_shared":true,"jetpack_social_options":{"image_generator_settings":{"template":"highway","default_image_id":0,"font":"","enabled":false},"version":2}},"categories":[156,103],"tags":[],"class_list":["post-11541","post","type-post","status-publish","format-standard","has-post-thumbnail","hentry","category-destaque","category-palavra-presidente"],"jetpack_publicize_connections":[],"jetpack_featured_media_url":"https:\/\/www.apampesp.org\/aps\/wp-content\/uploads\/2025\/10\/20251022_112710-scaled.jpg","jetpack_sharing_enabled":true,"jetpack_shortlink":"https:\/\/wp.me\/p9WoMM-309","_links":{"self":[{"href":"https:\/\/www.apampesp.org\/aps\/wp-json\/wp\/v2\/posts\/11541","targetHints":{"allow":["GET"]}}],"collection":[{"href":"https:\/\/www.apampesp.org\/aps\/wp-json\/wp\/v2\/posts"}],"about":[{"href":"https:\/\/www.apampesp.org\/aps\/wp-json\/wp\/v2\/types\/post"}],"author":[{"embeddable":true,"href":"https:\/\/www.apampesp.org\/aps\/wp-json\/wp\/v2\/users\/2"}],"replies":[{"embeddable":true,"href":"https:\/\/www.apampesp.org\/aps\/wp-json\/wp\/v2\/comments?post=11541"}],"version-history":[{"count":1,"href":"https:\/\/www.apampesp.org\/aps\/wp-json\/wp\/v2\/posts\/11541\/revisions"}],"predecessor-version":[{"id":11543,"href":"https:\/\/www.apampesp.org\/aps\/wp-json\/wp\/v2\/posts\/11541\/revisions\/11543"}],"wp:featuredmedia":[{"embeddable":true,"href":"https:\/\/www.apampesp.org\/aps\/wp-json\/wp\/v2\/media\/11542"}],"wp:attachment":[{"href":"https:\/\/www.apampesp.org\/aps\/wp-json\/wp\/v2\/media?parent=11541"}],"wp:term":[{"taxonomy":"category","embeddable":true,"href":"https:\/\/www.apampesp.org\/aps\/wp-json\/wp\/v2\/categories?post=11541"},{"taxonomy":"post_tag","embeddable":true,"href":"https:\/\/www.apampesp.org\/aps\/wp-json\/wp\/v2\/tags?post=11541"}],"curies":[{"name":"wp","href":"https:\/\/api.w.org\/{rel}","templated":true}]}}