{"id":11333,"date":"2025-08-07T10:40:32","date_gmt":"2025-08-07T13:40:32","guid":{"rendered":"https:\/\/www.apampesp.org\/aps\/?p=11333"},"modified":"2025-09-18T19:30:06","modified_gmt":"2025-09-18T22:30:06","slug":"nao-nos-calarao-em-defesa-do-servico-publico-e-da-dignidade-dos-aposentados","status":"publish","type":"post","link":"https:\/\/www.apampesp.org\/aps\/2025\/08\/07\/nao-nos-calarao-em-defesa-do-servico-publico-e-da-dignidade-dos-aposentados\/","title":{"rendered":"N\u00e3o nos calar\u00e3o: em defesa do servi\u00e7o p\u00fablico e da dignidade dos aposentados"},"content":{"rendered":"\n<p>Todo homem de bem, todo homem p\u00fablico \u2013 vereadores, prefeitos, deputados, senadores, governadores, presidentes \u2013 deveria se lembrar de que, antes de chegar aonde chegou, foi um professor que o pegou pela m\u00e3o e lhe ensinou as primeiras palavras.<\/p>\n\n\n\n<p>S\u00f3 por isso, j\u00e1 dever\u00edamos merecer o mais profundo respeito. No entanto, enfrentamos um cen\u00e1rio que insiste em apagar a nossa hist\u00f3ria e reduzir o papel do servidor p\u00fablico a n\u00fameros em planilhas de ajuste fiscal.<\/p>\n\n\n\n<p>Desde a promulga\u00e7\u00e3o da Constitui\u00e7\u00e3o Cidad\u00e3 de 1988, seus princ\u00edpios v\u00eam sendo sistematicamente desfigurados. O que se v\u00ea \u00e9 o avesso de um Brasil que poder\u00edamos ter, com nossas riquezas entregues ao capital estrangeiro e com um or\u00e7amento sangrando para sustentar uma d\u00edvida p\u00fablica nunca auditada, em detrimento de investimentos nos direitos sociais previstos no Artigo 6\u00ba da Constitui\u00e7\u00e3o.<\/p>\n\n\n\n<p>O servi\u00e7o p\u00fablico, que deveria garantir o acesso \u00e0 educa\u00e7\u00e3o, sa\u00fade, seguran\u00e7a, transporte e outros direitos essenciais, sofre com o descaso. A PEC 32\/2020, travestida de \u201creforma administrativa\u201d, escancara o projeto de sucateamento do Estado brasileiro. Ela fragiliza a estabilidade dos servidores, compromete a meritocracia, abre caminho para apadrinhamentos pol\u00edticos e reduz o servi\u00e7o p\u00fablico a um instrumento de interesses de governos, n\u00e3o de Estado.<\/p>\n\n\n\n<p>As consequ\u00eancias dessa pol\u00edtica atingem diretamente quem est\u00e1 na ponta: os servidores que atuam em escolas, postos de sa\u00fade e centros de assist\u00eancia. A maioria ganha pouco, n\u00e3o tem privil\u00e9gios e carrega nas costas o funcionamento das institui\u00e7\u00f5es.<\/p>\n\n\n\n<p>E n\u00f3s, professores aposentados, somos empurrados cada vez mais para os degraus de baixo. A partir das pol\u00edticas de gratifica\u00e7\u00f5es criadas no final da d\u00e9cada de 1980, iniciou-se um processo de desvaloriza\u00e7\u00e3o perversa que nos afastou dos nossos direitos e do devido reconhecimento. A situa\u00e7\u00e3o se agravou com os confiscos inconstitucionais, o n\u00e3o pagamento de precat\u00f3rios, a aus\u00eancia de reajustes conforme a data-base, e o desrespeito ao piso salarial nacional do magist\u00e9rio.<\/p>\n\n\n\n<p>Foi nesse contexto de abandono e resist\u00eancia que nasceu a Apampesp. Hoje, com quase 31 anos de exist\u00eancia, seguimos firmes ao lado dos professores aposentados em todo o Estado de S\u00e3o Paulo. Lutamos por condi\u00e7\u00f5es de vida mais justas, por dignidade, por respeito. E n\u00e3o apenas com palavras, mas com a\u00e7\u00f5es concretas.<\/p>\n\n\n\n<p>No primeiro semestre de 2025, nossa equipe percorreu as regionais do Estado realizando o Mutir\u00e3o de Atendimento aos Aposentados. Levamos orienta\u00e7\u00e3o jur\u00eddica, analisamos holerites, verificamos descontos indevidos, esclarecemos d\u00favidas sobre o Iamspe, ajudamos na organiza\u00e7\u00e3o de documentos e oferecemos suporte no uso do GOV.BR e do SOU.SP.GOV.BR. Foi um trabalho \u00e1rduo, mas necess\u00e1rio, para garantir que cada aposentado seja devidamente assistido.<\/p>\n\n\n\n<p>Enquanto nos empurram para os por\u00f5es do esquecimento, seguimos de p\u00e9 nas ruas, nas pra\u00e7as, nas C\u00e2maras Municipais, na Assembleia Legislativa de S\u00e3o Paulo, na C\u00e2mara dos Deputados, dizendo: <strong>n\u00e3o aceitaremos retrocessos!<\/strong><\/p>\n\n\n\n<p>Seguiremos denunciando a tentativa de flexibilizar os investimentos constitucionais em Educa\u00e7\u00e3o. Rejeitamos a imposi\u00e7\u00e3o de modelos autorit\u00e1rios, como as escolas c\u00edvico-militares, alheios \u00e0 Constitui\u00e7\u00e3o e \u00e0 LDB.<\/p>\n\n\n\n<p>O servidor p\u00fablico \u00e9 pilar da cidadania, do Estado e do desenvolvimento. E n\u00f3s, professores aposentados, temos a miss\u00e3o hist\u00f3rica de manter essa estrutura em p\u00e9, com coragem, com dignidade e com mem\u00f3ria.<\/p>\n\n\n\n<p><strong>Walneide Romano<\/strong>, <em>Presidente da Apampesp<\/em><\/p>\n","protected":false},"excerpt":{"rendered":"<p>Todo homem de bem, todo homem p&uacute;blico &ndash; vereadores, prefeitos, deputados, senadores, governadores, presidentes &ndash; deveria se lembrar de que, antes de chegar aonde chegou, foi um professor que o pegou pela m&atilde;o e lhe ensinou as primeiras palavras. S&oacute; por isso, j&aacute; dever&iacute;amos merecer o mais profundo respeito. No entanto, enfrentamos um cen&aacute;rio que insiste em apagar a nossa hist&oacute;ria e reduzir o papel do servidor p&uacute;blico a n&uacute;meros em planilhas de ajuste fiscal. Desde a promulga&ccedil;&atilde;o da Constitui&ccedil;&atilde;o Cidad&atilde; de 1988, seus princ&iacute;pios v&ecirc;m sendo sistematicamente desfigurados. O [&hellip;]<\/p>\n","protected":false},"author":2,"featured_media":11345,"comment_status":"open","ping_status":"open","sticky":false,"template":"","format":"standard","meta":{"jetpack_post_was_ever_published":true,"_jetpack_newsletter_access":"","_jetpack_dont_email_post_to_subs":false,"_jetpack_newsletter_tier_id":0,"_jetpack_memberships_contains_paywalled_content":false,"_jetpack_memberships_contains_paid_content":false,"footnotes":"","jetpack_publicize_message":"","jetpack_publicize_feature_enabled":true,"jetpack_social_post_already_shared":true,"jetpack_social_options":{"image_generator_settings":{"template":"highway","default_image_id":0,"font":"","enabled":false},"version":2}},"categories":[103],"tags":[],"class_list":["post-11333","post","type-post","status-publish","format-standard","has-post-thumbnail","hentry","category-palavra-presidente"],"jetpack_publicize_connections":[],"jetpack_featured_media_url":"https:\/\/www.apampesp.org\/aps\/wp-content\/uploads\/2025\/08\/Palavra-Presidente.png","jetpack_sharing_enabled":true,"jetpack_shortlink":"https:\/\/wp.me\/p9WoMM-2WN","_links":{"self":[{"href":"https:\/\/www.apampesp.org\/aps\/wp-json\/wp\/v2\/posts\/11333","targetHints":{"allow":["GET"]}}],"collection":[{"href":"https:\/\/www.apampesp.org\/aps\/wp-json\/wp\/v2\/posts"}],"about":[{"href":"https:\/\/www.apampesp.org\/aps\/wp-json\/wp\/v2\/types\/post"}],"author":[{"embeddable":true,"href":"https:\/\/www.apampesp.org\/aps\/wp-json\/wp\/v2\/users\/2"}],"replies":[{"embeddable":true,"href":"https:\/\/www.apampesp.org\/aps\/wp-json\/wp\/v2\/comments?post=11333"}],"version-history":[{"count":3,"href":"https:\/\/www.apampesp.org\/aps\/wp-json\/wp\/v2\/posts\/11333\/revisions"}],"predecessor-version":[{"id":11403,"href":"https:\/\/www.apampesp.org\/aps\/wp-json\/wp\/v2\/posts\/11333\/revisions\/11403"}],"wp:featuredmedia":[{"embeddable":true,"href":"https:\/\/www.apampesp.org\/aps\/wp-json\/wp\/v2\/media\/11345"}],"wp:attachment":[{"href":"https:\/\/www.apampesp.org\/aps\/wp-json\/wp\/v2\/media?parent=11333"}],"wp:term":[{"taxonomy":"category","embeddable":true,"href":"https:\/\/www.apampesp.org\/aps\/wp-json\/wp\/v2\/categories?post=11333"},{"taxonomy":"post_tag","embeddable":true,"href":"https:\/\/www.apampesp.org\/aps\/wp-json\/wp\/v2\/tags?post=11333"}],"curies":[{"name":"wp","href":"https:\/\/api.w.org\/{rel}","templated":true}]}}