{"id":1093,"date":"2019-02-05T23:03:51","date_gmt":"2019-02-05T23:03:51","guid":{"rendered":"http:\/\/www.apampesp.org\/aps\/?p=1093"},"modified":"2019-02-06T13:07:32","modified_gmt":"2019-02-06T13:07:32","slug":"entidades-do-magisterio-se-reunem-para-deliberar-pauta-conjunta-de-reivindicacoes","status":"publish","type":"post","link":"https:\/\/www.apampesp.org\/aps\/2019\/02\/05\/entidades-do-magisterio-se-reunem-para-deliberar-pauta-conjunta-de-reivindicacoes\/","title":{"rendered":"Entidades do Magist\u00e9rio se re\u00fanem para deliberar pauta conjunta de reivindica\u00e7\u00f5es"},"content":{"rendered":"\n<figure class=\"wp-block-image\"><img fetchpriority=\"high\" decoding=\"async\" width=\"1024\" height=\"768\" src=\"http:\/\/www.apampesp.org\/aps\/wp-content\/uploads\/2019\/02\/20190205_142235-1024x768.jpg\" alt=\"\" class=\"wp-image-1095\" srcset=\"https:\/\/www.apampesp.org\/aps\/wp-content\/uploads\/2019\/02\/20190205_142235-1024x768.jpg 1024w, https:\/\/www.apampesp.org\/aps\/wp-content\/uploads\/2019\/02\/20190205_142235-300x225.jpg 300w, https:\/\/www.apampesp.org\/aps\/wp-content\/uploads\/2019\/02\/20190205_142235-768x576.jpg 768w, https:\/\/www.apampesp.org\/aps\/wp-content\/uploads\/2019\/02\/20190205_142235-360x270.jpg 360w\" sizes=\"(max-width: 1024px) 100vw, 1024px\" \/><\/figure>\n\n\n\n<p>As Entidades Representativas do Magist\u00e9rio &#8211; Apampesp, Apase, Apeoesp, CPP e Udemo &#8211; se reuniram na tarde desta ter\u00e7a-feira, dia 5 de fevereiro, na sede do Sindicato Apase, para discutir estrat\u00e9gias da luta conjunta.<\/p>\n\n\n\n<p>A nossa Entidade esteve representada pelas professoras Lucia Cotomacci, 1\u00aa vice-presidente, e Yeda Moraes Gomes, 1\u00aa tesoureira. Em sua fala, a professora Lucia Cotomacci salientou a import\u00e2ncia de continuar a luta pela reajuste igualit\u00e1rio, levando em conta que at\u00e9 o momento aposentados em cargos em extin\u00e7\u00e3o s\u00f3 receberam 3,5%, diferente dos 7% concedidos \u00e0s demais categorias do Magist\u00e9rio. Ela aproveitou o espa\u00e7o para refor\u00e7ar o interesse da Apampesp em ampliar as parcerias com as demais Entidades e convidou os presentes a participarem da cerim\u00f4nia de inaugura\u00e7\u00e3o da nossa nova Sede Regional Recreativa, em Itanha\u00e9m, marcada para o pr\u00f3ximo dia 28 de fevereiro.<\/p>\n\n\n\n<p>Ap\u00f3s as coloca\u00e7\u00f5es de todos os representantes, as Entidades firmaram o compromisso de elaborar um of\u00edcio solicitando uma audi\u00eancia com o Secret\u00e1rio de Estado da Educa\u00e7\u00e3o, Rossieli Soares. Na pauta, o respeito ao cumprimento da data-base, no dia 1\u00ba de mar\u00e7o, e o respeito ao Piso Nacional do Magist\u00e9rio; a contrata\u00e7\u00e3o de mais professores; a pol\u00edtica de concursos p\u00fablicos; e a apresenta\u00e7\u00e3o \u00e0s Entidades por parte do Governo do Estado de programas para a melhoria da qualidade da educa\u00e7\u00e3o.<\/p>\n\n\n\n<p>O pr\u00f3ximo encontro entre as Entidades est\u00e1 marcado para o dia 26 de fevereiro, na sede da Apeoesp. Al\u00e9m das representantes da Apampesp, estiveram presentes os professores Silvio dos Santos, Edgard Jos\u00e9 Fi\u00faza e Loretana Paolieri Pancera, pelo CPP; Chico Poli, pela Udemo; Ros\u00e2ngela Ferrarini, Aparecida Demambro e Carmen Bueno, da Apase; e F\u00e1bio Santos de Moraes, da Apeoesp.<\/p>\n","protected":false},"excerpt":{"rendered":"<p>As Entidades Representativas do Magist&eacute;rio &ndash; Apampesp, Apase, Apeoesp, CPP e Udemo &ndash; se reuniram na tarde desta ter&ccedil;a-feira, dia 5 de fevereiro, na sede do Sindicato Apase, para discutir estrat&eacute;gias da luta conjunta. A nossa Entidade esteve representada pelas professoras Lucia Cotomacci, 1&ordf; vice-presidente, e Yeda Moraes Gomes, 1&ordf; tesoureira. Em sua fala, a professora Lucia Cotomacci salientou a import&acirc;ncia de continuar a luta pela reajuste igualit&aacute;rio, levando em conta que at&eacute; o momento aposentados em cargos em extin&ccedil;&atilde;o s&oacute; receberam 3,5%, diferente dos 7% concedidos &agrave;s demais categorias [&hellip;]<\/p>\n","protected":false},"author":2,"featured_media":1096,"comment_status":"open","ping_status":"open","sticky":false,"template":"","format":"standard","meta":{"jetpack_post_was_ever_published":false,"_jetpack_newsletter_access":"","_jetpack_dont_email_post_to_subs":false,"_jetpack_newsletter_tier_id":0,"_jetpack_memberships_contains_paywalled_content":false,"_jetpack_memberships_contains_paid_content":false,"footnotes":"","jetpack_publicize_message":"","jetpack_publicize_feature_enabled":true,"jetpack_social_post_already_shared":true,"jetpack_social_options":{"image_generator_settings":{"template":"highway","default_image_id":0,"font":"","enabled":false},"version":2}},"categories":[5],"tags":[],"class_list":["post-1093","post","type-post","status-publish","format-standard","has-post-thumbnail","hentry","category-educacao"],"jetpack_publicize_connections":[],"jetpack_featured_media_url":"https:\/\/www.apampesp.org\/aps\/wp-content\/uploads\/2019\/02\/20190205_142357-1.jpg","jetpack_sharing_enabled":true,"jetpack_shortlink":"https:\/\/wp.me\/p9WoMM-hD","_links":{"self":[{"href":"https:\/\/www.apampesp.org\/aps\/wp-json\/wp\/v2\/posts\/1093","targetHints":{"allow":["GET"]}}],"collection":[{"href":"https:\/\/www.apampesp.org\/aps\/wp-json\/wp\/v2\/posts"}],"about":[{"href":"https:\/\/www.apampesp.org\/aps\/wp-json\/wp\/v2\/types\/post"}],"author":[{"embeddable":true,"href":"https:\/\/www.apampesp.org\/aps\/wp-json\/wp\/v2\/users\/2"}],"replies":[{"embeddable":true,"href":"https:\/\/www.apampesp.org\/aps\/wp-json\/wp\/v2\/comments?post=1093"}],"version-history":[{"count":2,"href":"https:\/\/www.apampesp.org\/aps\/wp-json\/wp\/v2\/posts\/1093\/revisions"}],"predecessor-version":[{"id":1098,"href":"https:\/\/www.apampesp.org\/aps\/wp-json\/wp\/v2\/posts\/1093\/revisions\/1098"}],"wp:featuredmedia":[{"embeddable":true,"href":"https:\/\/www.apampesp.org\/aps\/wp-json\/wp\/v2\/media\/1096"}],"wp:attachment":[{"href":"https:\/\/www.apampesp.org\/aps\/wp-json\/wp\/v2\/media?parent=1093"}],"wp:term":[{"taxonomy":"category","embeddable":true,"href":"https:\/\/www.apampesp.org\/aps\/wp-json\/wp\/v2\/categories?post=1093"},{"taxonomy":"post_tag","embeddable":true,"href":"https:\/\/www.apampesp.org\/aps\/wp-json\/wp\/v2\/tags?post=1093"}],"curies":[{"name":"wp","href":"https:\/\/api.w.org\/{rel}","templated":true}]}}