{"id":10019,"date":"2025-06-14T11:23:52","date_gmt":"2025-06-14T14:23:52","guid":{"rendered":"https:\/\/www.apampesp.org\/aps\/?p=10019"},"modified":"2025-06-14T11:23:56","modified_gmt":"2025-06-14T14:23:56","slug":"5-de-reajuste-e-95-de-violacao-hostilidade-e-desrespeito","status":"publish","type":"post","link":"https:\/\/www.apampesp.org\/aps\/2025\/06\/14\/5-de-reajuste-e-95-de-violacao-hostilidade-e-desrespeito\/","title":{"rendered":"5% de Reajuste e 95% de Viola\u00e7\u00e3o, Hostilidade e Desrespeito"},"content":{"rendered":"\n<p>\u00c9 preciso fazer justi\u00e7a diante dos atos do Governador e dos Deputados Estaduais que, sistematicamente, violam os direitos dos servidores p\u00fablicos e desonram quem dedicou a vida ao servi\u00e7o da popula\u00e7\u00e3o.<br><br>Defender o que \u00e9 certo e lutar contra a injusti\u00e7a \u00e9 essencial. Como dizia Santo Agostinho, a esperan\u00e7a tem duas filhas lindas: a indigna\u00e7\u00e3o e a coragem. A indigna\u00e7\u00e3o nos ensina a n\u00e3o aceitar as coisas como est\u00e3o; a coragem, a transform\u00e1-las.<br><br><em><strong>Tramita\u00e7\u00e3o a Jato<\/strong><\/em><br>No \u00faltimo dia 13 de maio, os Deputados Estaduais de S\u00e3o Paulo aprovaram, em tempo recorde, projetos de reajuste salarial de 5%. O aumento foi concedido ao pr\u00f3prio Governador, cujo sal\u00e1rio passou a ser de R$ 36,3 mil; aos Deputados, R$ 34,7 mil; ao Vice-Governador, R$ 34,5 mil; e aos Secret\u00e1rios de Estado, R$ 32,7 mil.<br><br>Para os servidores estaduais, o mesmo percentual foi aplicado. Esses projetos, enviados pelo Executivo no dia 05\/05, tramitaram com velocidade incomum. No dia 13\/05, \u00e0 tarde, o Col\u00e9gio de L\u00edderes decidiu pela convoca\u00e7\u00e3o de um Congresso de Comiss\u00f5es, realizado pouco mais de duas horas depois. \u00c0 noite, os projetos j\u00e1 estavam aprovados em plen\u00e1rio, sem passar pelas comiss\u00f5es de forma individualizada, como exige o rito ordin\u00e1rio.<br><br>Paralelamente, tramita o Projeto de Lei 412\/2025, que define metas e prioridades da Administra\u00e7\u00e3o P\u00fablica Estadual e servir\u00e1 de base para a elabora\u00e7\u00e3o da Lei Or\u00e7ament\u00e1ria Anual (LOA) de 2026. A LOA \u00e9 debatida com a popula\u00e7\u00e3o nas audi\u00eancias p\u00fablicas promovidas pela Assembleia Legislativa, que percorrem o estado no segundo semestre.<br><br>Vale lembrar: o or\u00e7amento aprovado pela Alesp para 2025 prev\u00ea R$ 372,45 bilh\u00f5es em receitas \u2014 o maior da hist\u00f3ria de S\u00e3o Paulo, segundo a pr\u00f3pria Secretaria da Fazenda e Planejamento.<br><br>Diante disso, \u00e9 chocante e decepcionante a proposta de um reajuste de apenas 5% para os servidores p\u00fablicos. O \u00edndice est\u00e1 muito aqu\u00e9m das perdas inflacion\u00e1rias e n\u00e3o preserva o poder de compra dos sal\u00e1rios.<br><br><em><strong>Realidade dos Professores<\/strong><\/em><br>O \u00faltimo reajuste com impacto real no sal\u00e1rio-base dos professores ocorreu em 2023 \u2013 e foi insuficiente para repor perdas acumuladas ao longo dos anos. Em 2024, como tantas outras categorias do funcionalismo, os educadores paulistas n\u00e3o receberam nenhum aumento no sal\u00e1rio-base. Foi concedido apenas um reajuste no abono complementar, referente ao Piso Nacional do Magist\u00e9rio (Lei n\u00ba 11.738\/2008), pago de forma indevida como abono \u2013 o que impede a incorpora\u00e7\u00e3o aos benef\u00edcios como quinqu\u00eanios e sexta-parte.<br><br>Al\u00e9m disso, o reajuste de 5% n\u00e3o foi retroativo \u00e0 data-base (mar\u00e7o), como seria justo, passando a valer apenas a partir deste m\u00eas de junho, com a san\u00e7\u00e3o do Governador. A medida afeta professores da ativa, aposentados e pensionistas com direito \u00e0 paridade.<br><br>Em um Estado com o maior or\u00e7amento da Federa\u00e7\u00e3o, n\u00e3o h\u00e1 justificativa aceit\u00e1vel para tamanho descaso.<br><br><em><strong>Basta de Humilha\u00e7\u00e3o<\/strong><\/em><br>J\u00e1 passou da hora de dar um basta. Como disse Pierre-Joseph Proudhon: \u201cOs grandes s\u00f3 nos parecem grandes porque estamos de joelhos. Levantemo-nos.\u201d<br><br>Chega de humilha\u00e7\u00e3o, trai\u00e7\u00e3o e repress\u00e3o. \u00c9 prefer\u00edvel viver uma vida marcada por lutas e indigna\u00e7\u00e3o do que se curvar \u00e0 mediocridade de um sistema pol\u00edtico que desrespeita seus cidad\u00e3os. Indigna ver tantos brincando com a vida dos outros, sem qualquer responsabilidade social. Falta vergonha na cara \u2014 e sobra omiss\u00e3o.<br><br>Como bem disse Umberto Eco: \u201cA indigna\u00e7\u00e3o, para o s\u00e1bio, \u00e9 a porta de entrada para a transforma\u00e7\u00e3o.\u201d<br><br>Colegas aposentados e pensionistas, \u00e9 hora de acordar para o fato de que as mudan\u00e7as sociais come\u00e7am dentro de n\u00f3s. A forma como encaramos a vida faz toda a diferen\u00e7a. \u00c9 tempo de reagir, pressionar a Assembleia Legislativa, participar das audi\u00eancias do Or\u00e7amento e exigir respeito. Exigir um reajuste digno.<br><br>Eles s\u00f3 est\u00e3o no poder porque foram eleitos \u2014 e 2026 est\u00e1 logo ali. Ser\u00e1 ano de Elei\u00e7\u00f5es para Presidente, Senadores, Deputados Federais, Estaduais e Governadores.<br><br>A luta \u00e9 de todos n\u00f3s. Chega de descren\u00e7a!<\/p>\n\n\n\n<p><strong>Por Walneide Romano, presidente da Apampesp<\/strong><\/p>\n","protected":false},"excerpt":{"rendered":"<p>&Eacute; preciso fazer justi&ccedil;a diante dos atos do Governador e dos Deputados Estaduais que, sistematicamente, violam os direitos dos servidores p&uacute;blicos e desonram quem dedicou a vida ao servi&ccedil;o da popula&ccedil;&atilde;o. Defender o que &eacute; certo e lutar contra a injusti&ccedil;a &eacute; essencial. Como dizia Santo Agostinho, a esperan&ccedil;a tem duas filhas lindas: a indigna&ccedil;&atilde;o e a coragem. A indigna&ccedil;&atilde;o nos ensina a n&atilde;o aceitar as coisas como est&atilde;o; a coragem, a transform&aacute;-las. Tramita&ccedil;&atilde;o a JatoNo &uacute;ltimo dia 13 de maio, os Deputados Estaduais de S&atilde;o Paulo aprovaram, em tempo [&hellip;]<\/p>\n","protected":false},"author":2,"featured_media":8913,"comment_status":"open","ping_status":"open","sticky":false,"template":"","format":"standard","meta":{"jetpack_post_was_ever_published":false,"_jetpack_newsletter_access":"","_jetpack_dont_email_post_to_subs":false,"_jetpack_newsletter_tier_id":0,"_jetpack_memberships_contains_paywalled_content":false,"_jetpack_memberships_contains_paid_content":false,"footnotes":"","jetpack_publicize_message":"","jetpack_publicize_feature_enabled":true,"jetpack_social_post_already_shared":true,"jetpack_social_options":{"image_generator_settings":{"template":"highway","default_image_id":0,"font":"","enabled":false},"version":2}},"categories":[103],"tags":[],"class_list":["post-10019","post","type-post","status-publish","format-standard","has-post-thumbnail","hentry","category-palavra-presidente"],"jetpack_publicize_connections":[],"jetpack_featured_media_url":"https:\/\/www.apampesp.org\/aps\/wp-content\/uploads\/2024\/06\/Professora-Walneide.jpeg","jetpack_sharing_enabled":true,"jetpack_shortlink":"https:\/\/wp.me\/p9WoMM-2BB","_links":{"self":[{"href":"https:\/\/www.apampesp.org\/aps\/wp-json\/wp\/v2\/posts\/10019","targetHints":{"allow":["GET"]}}],"collection":[{"href":"https:\/\/www.apampesp.org\/aps\/wp-json\/wp\/v2\/posts"}],"about":[{"href":"https:\/\/www.apampesp.org\/aps\/wp-json\/wp\/v2\/types\/post"}],"author":[{"embeddable":true,"href":"https:\/\/www.apampesp.org\/aps\/wp-json\/wp\/v2\/users\/2"}],"replies":[{"embeddable":true,"href":"https:\/\/www.apampesp.org\/aps\/wp-json\/wp\/v2\/comments?post=10019"}],"version-history":[{"count":1,"href":"https:\/\/www.apampesp.org\/aps\/wp-json\/wp\/v2\/posts\/10019\/revisions"}],"predecessor-version":[{"id":10020,"href":"https:\/\/www.apampesp.org\/aps\/wp-json\/wp\/v2\/posts\/10019\/revisions\/10020"}],"wp:featuredmedia":[{"embeddable":true,"href":"https:\/\/www.apampesp.org\/aps\/wp-json\/wp\/v2\/media\/8913"}],"wp:attachment":[{"href":"https:\/\/www.apampesp.org\/aps\/wp-json\/wp\/v2\/media?parent=10019"}],"wp:term":[{"taxonomy":"category","embeddable":true,"href":"https:\/\/www.apampesp.org\/aps\/wp-json\/wp\/v2\/categories?post=10019"},{"taxonomy":"post_tag","embeddable":true,"href":"https:\/\/www.apampesp.org\/aps\/wp-json\/wp\/v2\/tags?post=10019"}],"curies":[{"name":"wp","href":"https:\/\/api.w.org\/{rel}","templated":true}]}}